{"id":1412,"date":"2019-05-14T12:44:48","date_gmt":"2019-05-14T12:44:48","guid":{"rendered":"https:\/\/www.pmsafed.be\/?p=1412"},"modified":"2019-05-14T12:56:22","modified_gmt":"2019-05-14T12:56:22","slug":"belgisch-kampioenschap-paramotor-2019","status":"publish","type":"post","link":"https:\/\/www.pmsafed.be\/fr\/belgisch-kampioenschap-paramotor-2019\/","title":{"rendered":"Championnat de Belgique Paramoteur 2019"},"content":{"rendered":"<p>Le moment est venu, les inscriptions pour les Championnats de Belgique sont d\u00e9sormais officiellement ouvertes. Tout le monde peut s\u2019inscrire, membre ou non-membre du PMSA.<\/p>\n<p>&nbsp;<\/p>\n<p>\u00c0 la fin de ce mois, nous recommencerons avec le tr\u00e8s attendu Championnat de Belgique de Paramoteur. Apr\u00e8s une trop longue absence, le conseil d&#039;administration de PMSA a eu envie d&#039;organiser \u00e0 nouveau cet \u00e9v\u00e9nement unique.<br \/>\nMaintenant, apr\u00e8s des mois de pr\u00e9paratifs et de recherche de lieux, nous pouvons enfin annoncer que vous pouvez vous inscrire. Si vous n\u2019\u00eates pas membre du PMSA (ce qui nous semble dommage), vous pouvez AUSSI vous inscrire. Aucune restriction car vous n&#039;\u00eates pas affili\u00e9 \u00e0 nous, nous n&#039;y participons pas.<\/p>\n<p>Nous allons remplir ces 4 jours enti\u00e8rement de d\u00e9gustation, de plaisir, d&#039;amiti\u00e9 et d&#039;exp\u00e9riences uniques.<\/p>\n<p>Voulez-vous vous inscrire? Nous pensons que c&#039;est g\u00e9nial, <span style=\"color: #ff6600;\"><a style=\"color: #ff6600;\" href=\"https:\/\/www.pmsafed.be\/fr\/bk\/\">cliquez simplement ici et vous pouvez commencer\u00a0!<\/a><\/span><\/p>","protected":false},"excerpt":{"rendered":"<p>Het is zover, de inschrijvingen voor het BK zijn nu officieel geopend. Iedereen kan inschrijven, lid of geen lid van PMSA. &nbsp; Op het einde van deze maand starten we terug met het langverwachte Belgisch Kampioenschap Paramotor. Na te lang zijn weggeweest kriebelde het bij het bestuur van PMSA om dit unieke gebeuren terug te [&hellip;]<\/p>","protected":false},"author":7,"featured_media":959,"comment_status":"open","ping_status":"closed","sticky":false,"template":"","format":"standard","meta":{"_acf_changed":false,"_exactmetrics_skip_tracking":false,"_exactmetrics_sitenote_active":false,"_exactmetrics_sitenote_note":"","_exactmetrics_sitenote_category":0,"ocean_post_layout":"full-screen","ocean_both_sidebars_style":"","ocean_both_sidebars_content_width":0,"ocean_both_sidebars_sidebars_width":0,"ocean_sidebar":"0","ocean_second_sidebar":"0","ocean_disable_margins":"on","ocean_add_body_class":"","ocean_shortcode_before_top_bar":"","ocean_shortcode_after_top_bar":"","ocean_shortcode_before_header":"","ocean_shortcode_after_header":"","ocean_has_shortcode":"","ocean_shortcode_after_title":"","ocean_shortcode_before_footer_widgets":"","ocean_shortcode_after_footer_widgets":"","ocean_shortcode_before_footer_bottom":"","ocean_shortcode_after_footer_bottom":"","ocean_display_top_bar":"off","ocean_display_header":"on","ocean_header_style":"","ocean_center_header_left_menu":"0","ocean_custom_header_template":"0","ocean_custom_logo":0,"ocean_custom_retina_logo":0,"ocean_custom_logo_max_width":0,"ocean_custom_logo_tablet_max_width":0,"ocean_custom_logo_mobile_max_width":0,"ocean_custom_logo_max_height":0,"ocean_custom_logo_tablet_max_height":0,"ocean_custom_logo_mobile_max_height":0,"ocean_header_custom_menu":"0","ocean_menu_typo_font_family":"0","ocean_menu_typo_font_subset":"","ocean_menu_typo_font_size":0,"ocean_menu_typo_font_size_tablet":0,"ocean_menu_typo_font_size_mobile":0,"ocean_menu_typo_font_size_unit":"px","ocean_menu_typo_font_weight":"","ocean_menu_typo_font_weight_tablet":"","ocean_menu_typo_font_weight_mobile":"","ocean_menu_typo_transform":"","ocean_menu_typo_transform_tablet":"","ocean_menu_typo_transform_mobile":"","ocean_menu_typo_line_height":0,"ocean_menu_typo_line_height_tablet":0,"ocean_menu_typo_line_height_mobile":0,"ocean_menu_typo_line_height_unit":"","ocean_menu_typo_spacing":0,"ocean_menu_typo_spacing_tablet":0,"ocean_menu_typo_spacing_mobile":0,"ocean_menu_typo_spacing_unit":"","ocean_menu_link_color":"","ocean_menu_link_color_hover":"","ocean_menu_link_color_active":"","ocean_menu_link_background":"","ocean_menu_link_hover_background":"","ocean_menu_link_active_background":"","ocean_menu_social_links_bg":"","ocean_menu_social_hover_links_bg":"","ocean_menu_social_links_color":"","ocean_menu_social_hover_links_color":"","ocean_disable_title":"on","ocean_disable_heading":"default","ocean_post_title":"","ocean_post_subheading":"","ocean_post_title_style":"","ocean_post_title_background_color":"","ocean_post_title_background":0,"ocean_post_title_bg_image_position":"","ocean_post_title_bg_image_attachment":"","ocean_post_title_bg_image_repeat":"","ocean_post_title_bg_image_size":"","ocean_post_title_height":0,"ocean_post_title_bg_overlay":0.5,"ocean_post_title_bg_overlay_color":"","ocean_disable_breadcrumbs":"off","ocean_breadcrumbs_color":"","ocean_breadcrumbs_separator_color":"","ocean_breadcrumbs_links_color":"","ocean_breadcrumbs_links_hover_color":"","ocean_display_footer_widgets":"on","ocean_display_footer_bottom":"off","ocean_custom_footer_template":"0","ocean_post_oembed":"","ocean_post_self_hosted_media":"","ocean_post_video_embed":"","ocean_link_format":"","ocean_link_format_target":"self","ocean_quote_format":"","ocean_quote_format_link":"post","ocean_gallery_link_images":"off","ocean_gallery_id":[],"footnotes":""},"categories":[108],"tags":[],"acf":[],"yoast_head":"<!-- This site is optimized with the Yoast SEO plugin v24.5 - https:\/\/yoast.com\/wordpress\/plugins\/seo\/ -->\n<title>Belgisch Kampioenschap Paramotor 2019 - PMSA<\/title>\n<meta name=\"description\" content=\"Paramotor Vlaanderen, Paramotor Belgie, Paramotor federatie, paramotor Limburg, paramotor Antwerpen, paramotor brabant\" \/>\n<meta name=\"robots\" content=\"index, follow, max-snippet:-1, max-image-preview:large, max-video-preview:-1\" \/>\n<link rel=\"canonical\" href=\"https:\/\/www.pmsafed.be\/fr\/belgisch-kampioenschap-paramotor-2019\/\" \/>\n<meta property=\"og:locale\" content=\"fr_FR\" \/>\n<meta property=\"og:type\" content=\"article\" \/>\n<meta property=\"og:title\" content=\"Belgisch Kampioenschap Paramotor 2019 - PMSA\" \/>\n<meta property=\"og:description\" content=\"Paramotor Vlaanderen, Paramotor Belgie, Paramotor federatie, paramotor Limburg, paramotor Antwerpen, paramotor brabant\" \/>\n<meta property=\"og:url\" content=\"https:\/\/www.pmsafed.be\/fr\/belgisch-kampioenschap-paramotor-2019\/\" \/>\n<meta property=\"og:site_name\" content=\"PMSA\" \/>\n<meta property=\"article:publisher\" content=\"https:\/\/www.facebook.com\/PMSA-ParaMotor-Sports-Federation-103045967991482\/\" \/>\n<meta property=\"article:published_time\" content=\"2019-05-14T12:44:48+00:00\" \/>\n<meta property=\"article:modified_time\" content=\"2019-05-14T12:56:22+00:00\" \/>\n<meta property=\"og:image\" content=\"https:\/\/www.pmsafed.be\/wp-content\/uploads\/2019\/03\/53513206_10210792206480689_7213808039361511424_n.jpg\" \/>\n\t<meta property=\"og:image:width\" content=\"960\" \/>\n\t<meta property=\"og:image:height\" content=\"960\" \/>\n\t<meta property=\"og:image:type\" content=\"image\/jpeg\" \/>\n<meta name=\"author\" content=\"Fabien Louagie\" \/>\n<meta name=\"twitter:card\" content=\"summary_large_image\" \/>\n<meta name=\"twitter:label1\" content=\"\u00c9crit par\" \/>\n\t<meta name=\"twitter:data1\" content=\"Fabien Louagie\" \/>\n\t<meta name=\"twitter:label2\" content=\"Dur\u00e9e de lecture est.\" \/>\n\t<meta name=\"twitter:data2\" content=\"1 minute\" \/>\n<script type=\"application\/ld+json\" class=\"yoast-schema-graph\">{\"@context\":\"https:\/\/schema.org\",\"@graph\":[{\"@type\":\"Article\",\"@id\":\"https:\/\/www.pmsafed.be\/belgisch-kampioenschap-paramotor-2019\/#article\",\"isPartOf\":{\"@id\":\"https:\/\/www.pmsafed.be\/belgisch-kampioenschap-paramotor-2019\/\"},\"author\":{\"name\":\"Fabien Louagie\",\"@id\":\"https:\/\/www.pmsafed.be\/#\/schema\/person\/fcfd677b2ae2fa016d08537885921f44\"},\"headline\":\"Belgisch Kampioenschap Paramotor 2019\",\"datePublished\":\"2019-05-14T12:44:48+00:00\",\"dateModified\":\"2019-05-14T12:56:22+00:00\",\"mainEntityOfPage\":{\"@id\":\"https:\/\/www.pmsafed.be\/belgisch-kampioenschap-paramotor-2019\/\"},\"wordCount\":135,\"commentCount\":0,\"publisher\":{\"@id\":\"https:\/\/www.pmsafed.be\/#organization\"},\"image\":{\"@id\":\"https:\/\/www.pmsafed.be\/belgisch-kampioenschap-paramotor-2019\/#primaryimage\"},\"thumbnailUrl\":\"https:\/\/www.pmsafed.be\/wp-content\/uploads\/2019\/03\/53513206_10210792206480689_7213808039361511424_n.jpg\",\"articleSection\":[\"Nieuws\"],\"inLanguage\":\"fr-BE\",\"potentialAction\":[{\"@type\":\"CommentAction\",\"name\":\"Comment\",\"target\":[\"https:\/\/www.pmsafed.be\/belgisch-kampioenschap-paramotor-2019\/#respond\"]}]},{\"@type\":\"WebPage\",\"@id\":\"https:\/\/www.pmsafed.be\/belgisch-kampioenschap-paramotor-2019\/\",\"url\":\"https:\/\/www.pmsafed.be\/belgisch-kampioenschap-paramotor-2019\/\",\"name\":\"Belgisch Kampioenschap Paramotor 2019 - PMSA\",\"isPartOf\":{\"@id\":\"https:\/\/www.pmsafed.be\/#website\"},\"primaryImageOfPage\":{\"@id\":\"https:\/\/www.pmsafed.be\/belgisch-kampioenschap-paramotor-2019\/#primaryimage\"},\"image\":{\"@id\":\"https:\/\/www.pmsafed.be\/belgisch-kampioenschap-paramotor-2019\/#primaryimage\"},\"thumbnailUrl\":\"https:\/\/www.pmsafed.be\/wp-content\/uploads\/2019\/03\/53513206_10210792206480689_7213808039361511424_n.jpg\",\"datePublished\":\"2019-05-14T12:44:48+00:00\",\"dateModified\":\"2019-05-14T12:56:22+00:00\",\"description\":\"Paramotor Vlaanderen, Paramotor Belgie, Paramotor federatie, paramotor Limburg, paramotor Antwerpen, paramotor brabant\",\"breadcrumb\":{\"@id\":\"https:\/\/www.pmsafed.be\/belgisch-kampioenschap-paramotor-2019\/#breadcrumb\"},\"inLanguage\":\"fr-BE\",\"potentialAction\":[{\"@type\":\"ReadAction\",\"target\":[\"https:\/\/www.pmsafed.be\/belgisch-kampioenschap-paramotor-2019\/\"]}]},{\"@type\":\"ImageObject\",\"inLanguage\":\"fr-BE\",\"@id\":\"https:\/\/www.pmsafed.be\/belgisch-kampioenschap-paramotor-2019\/#primaryimage\",\"url\":\"https:\/\/www.pmsafed.be\/wp-content\/uploads\/2019\/03\/53513206_10210792206480689_7213808039361511424_n.jpg\",\"contentUrl\":\"https:\/\/www.pmsafed.be\/wp-content\/uploads\/2019\/03\/53513206_10210792206480689_7213808039361511424_n.jpg\",\"width\":960,\"height\":960,\"caption\":\"Belgisch Kampioenschap Paramotor\"},{\"@type\":\"BreadcrumbList\",\"@id\":\"https:\/\/www.pmsafed.be\/belgisch-kampioenschap-paramotor-2019\/#breadcrumb\",\"itemListElement\":[{\"@type\":\"ListItem\",\"position\":1,\"name\":\"Home\",\"item\":\"https:\/\/www.pmsafed.be\/\"},{\"@type\":\"ListItem\",\"position\":2,\"name\":\"Belgisch Kampioenschap Paramotor 2019\"}]},{\"@type\":\"WebSite\",\"@id\":\"https:\/\/www.pmsafed.be\/#website\",\"url\":\"https:\/\/www.pmsafed.be\/\",\"name\":\"PMSA\",\"description\":\"Paramotor\",\"publisher\":{\"@id\":\"https:\/\/www.pmsafed.be\/#organization\"},\"potentialAction\":[{\"@type\":\"SearchAction\",\"target\":{\"@type\":\"EntryPoint\",\"urlTemplate\":\"https:\/\/www.pmsafed.be\/?s={search_term_string}\"},\"query-input\":{\"@type\":\"PropertyValueSpecification\",\"valueRequired\":true,\"valueName\":\"search_term_string\"}}],\"inLanguage\":\"fr-BE\"},{\"@type\":\"Organization\",\"@id\":\"https:\/\/www.pmsafed.be\/#organization\",\"name\":\"Paramotor Sports Federation VZW\",\"url\":\"https:\/\/www.pmsafed.be\/\",\"logo\":{\"@type\":\"ImageObject\",\"inLanguage\":\"fr-BE\",\"@id\":\"https:\/\/www.pmsafed.be\/#\/schema\/logo\/image\/\",\"url\":\"https:\/\/www.pmsafed.be\/wp-content\/uploads\/2020\/09\/PMSA-kleur.png\",\"contentUrl\":\"https:\/\/www.pmsafed.be\/wp-content\/uploads\/2020\/09\/PMSA-kleur.png\",\"width\":1515,\"height\":948,\"caption\":\"Paramotor Sports Federation VZW\"},\"image\":{\"@id\":\"https:\/\/www.pmsafed.be\/#\/schema\/logo\/image\/\"},\"sameAs\":[\"https:\/\/www.facebook.com\/PMSA-ParaMotor-Sports-Federation-103045967991482\/\"]},{\"@type\":\"Person\",\"@id\":\"https:\/\/www.pmsafed.be\/#\/schema\/person\/fcfd677b2ae2fa016d08537885921f44\",\"name\":\"Fabien Louagie\",\"image\":{\"@type\":\"ImageObject\",\"inLanguage\":\"fr-BE\",\"@id\":\"https:\/\/www.pmsafed.be\/#\/schema\/person\/image\/\",\"url\":\"https:\/\/secure.gravatar.com\/avatar\/53f0d860f19b72b4400975950858112d?s=96&d=mm&r=g\",\"contentUrl\":\"https:\/\/secure.gravatar.com\/avatar\/53f0d860f19b72b4400975950858112d?s=96&d=mm&r=g\",\"caption\":\"Fabien Louagie\"},\"url\":\"https:\/\/www.pmsafed.be\/fr\/author\/lwf\/\"}]}<\/script>\n<!-- \/ Yoast SEO plugin. -->","yoast_head_json":{"title":"Belgisch Kampioenschap Paramotor 2019 - PMSA","description":"Paramotor Vlaanderen, Paramotor Belgie, Paramotor federatie, paramotor Limburg, paramotor Antwerpen, paramotor brabant","robots":{"index":"index","follow":"follow","max-snippet":"max-snippet:-1","max-image-preview":"max-image-preview:large","max-video-preview":"max-video-preview:-1"},"canonical":"https:\/\/www.pmsafed.be\/fr\/belgisch-kampioenschap-paramotor-2019\/","og_locale":"fr_FR","og_type":"article","og_title":"Belgisch Kampioenschap Paramotor 2019 - PMSA","og_description":"Paramotor Vlaanderen, Paramotor Belgie, Paramotor federatie, paramotor Limburg, paramotor Antwerpen, paramotor brabant","og_url":"https:\/\/www.pmsafed.be\/fr\/belgisch-kampioenschap-paramotor-2019\/","og_site_name":"PMSA","article_publisher":"https:\/\/www.facebook.com\/PMSA-ParaMotor-Sports-Federation-103045967991482\/","article_published_time":"2019-05-14T12:44:48+00:00","article_modified_time":"2019-05-14T12:56:22+00:00","og_image":[{"width":960,"height":960,"url":"https:\/\/www.pmsafed.be\/wp-content\/uploads\/2019\/03\/53513206_10210792206480689_7213808039361511424_n.jpg","type":"image\/jpeg"}],"author":"Fabien Louagie","twitter_card":"summary_large_image","twitter_misc":{"\u00c9crit par":"Fabien Louagie","Dur\u00e9e de lecture est.":"1 minute"},"schema":{"@context":"https:\/\/schema.org","@graph":[{"@type":"Article","@id":"https:\/\/www.pmsafed.be\/belgisch-kampioenschap-paramotor-2019\/#article","isPartOf":{"@id":"https:\/\/www.pmsafed.be\/belgisch-kampioenschap-paramotor-2019\/"},"author":{"name":"Fabien Louagie","@id":"https:\/\/www.pmsafed.be\/#\/schema\/person\/fcfd677b2ae2fa016d08537885921f44"},"headline":"Belgisch Kampioenschap Paramotor 2019","datePublished":"2019-05-14T12:44:48+00:00","dateModified":"2019-05-14T12:56:22+00:00","mainEntityOfPage":{"@id":"https:\/\/www.pmsafed.be\/belgisch-kampioenschap-paramotor-2019\/"},"wordCount":135,"commentCount":0,"publisher":{"@id":"https:\/\/www.pmsafed.be\/#organization"},"image":{"@id":"https:\/\/www.pmsafed.be\/belgisch-kampioenschap-paramotor-2019\/#primaryimage"},"thumbnailUrl":"https:\/\/www.pmsafed.be\/wp-content\/uploads\/2019\/03\/53513206_10210792206480689_7213808039361511424_n.jpg","articleSection":["Nieuws"],"inLanguage":"fr-BE","potentialAction":[{"@type":"CommentAction","name":"Comment","target":["https:\/\/www.pmsafed.be\/belgisch-kampioenschap-paramotor-2019\/#respond"]}]},{"@type":"WebPage","@id":"https:\/\/www.pmsafed.be\/belgisch-kampioenschap-paramotor-2019\/","url":"https:\/\/www.pmsafed.be\/belgisch-kampioenschap-paramotor-2019\/","name":"Belgisch Kampioenschap Paramotor 2019 - PMSA","isPartOf":{"@id":"https:\/\/www.pmsafed.be\/#website"},"primaryImageOfPage":{"@id":"https:\/\/www.pmsafed.be\/belgisch-kampioenschap-paramotor-2019\/#primaryimage"},"image":{"@id":"https:\/\/www.pmsafed.be\/belgisch-kampioenschap-paramotor-2019\/#primaryimage"},"thumbnailUrl":"https:\/\/www.pmsafed.be\/wp-content\/uploads\/2019\/03\/53513206_10210792206480689_7213808039361511424_n.jpg","datePublished":"2019-05-14T12:44:48+00:00","dateModified":"2019-05-14T12:56:22+00:00","description":"Paramotor Vlaanderen, Paramotor Belgie, Paramotor federatie, paramotor Limburg, paramotor Antwerpen, paramotor brabant","breadcrumb":{"@id":"https:\/\/www.pmsafed.be\/belgisch-kampioenschap-paramotor-2019\/#breadcrumb"},"inLanguage":"fr-BE","potentialAction":[{"@type":"ReadAction","target":["https:\/\/www.pmsafed.be\/belgisch-kampioenschap-paramotor-2019\/"]}]},{"@type":"ImageObject","inLanguage":"fr-BE","@id":"https:\/\/www.pmsafed.be\/belgisch-kampioenschap-paramotor-2019\/#primaryimage","url":"https:\/\/www.pmsafed.be\/wp-content\/uploads\/2019\/03\/53513206_10210792206480689_7213808039361511424_n.jpg","contentUrl":"https:\/\/www.pmsafed.be\/wp-content\/uploads\/2019\/03\/53513206_10210792206480689_7213808039361511424_n.jpg","width":960,"height":960,"caption":"Belgisch Kampioenschap Paramotor"},{"@type":"BreadcrumbList","@id":"https:\/\/www.pmsafed.be\/belgisch-kampioenschap-paramotor-2019\/#breadcrumb","itemListElement":[{"@type":"ListItem","position":1,"name":"Home","item":"https:\/\/www.pmsafed.be\/"},{"@type":"ListItem","position":2,"name":"Belgisch Kampioenschap Paramotor 2019"}]},{"@type":"WebSite","@id":"https:\/\/www.pmsafed.be\/#website","url":"https:\/\/www.pmsafed.be\/","name":"PMSA","description":"Paramotor","publisher":{"@id":"https:\/\/www.pmsafed.be\/#organization"},"potentialAction":[{"@type":"SearchAction","target":{"@type":"EntryPoint","urlTemplate":"https:\/\/www.pmsafed.be\/?s={search_term_string}"},"query-input":{"@type":"PropertyValueSpecification","valueRequired":true,"valueName":"search_term_string"}}],"inLanguage":"fr-BE"},{"@type":"Organization","@id":"https:\/\/www.pmsafed.be\/#organization","name":"Paramotor Sports Federation VZW","url":"https:\/\/www.pmsafed.be\/","logo":{"@type":"ImageObject","inLanguage":"fr-BE","@id":"https:\/\/www.pmsafed.be\/#\/schema\/logo\/image\/","url":"https:\/\/www.pmsafed.be\/wp-content\/uploads\/2020\/09\/PMSA-kleur.png","contentUrl":"https:\/\/www.pmsafed.be\/wp-content\/uploads\/2020\/09\/PMSA-kleur.png","width":1515,"height":948,"caption":"Paramotor Sports Federation VZW"},"image":{"@id":"https:\/\/www.pmsafed.be\/#\/schema\/logo\/image\/"},"sameAs":["https:\/\/www.facebook.com\/PMSA-ParaMotor-Sports-Federation-103045967991482\/"]},{"@type":"Person","@id":"https:\/\/www.pmsafed.be\/#\/schema\/person\/fcfd677b2ae2fa016d08537885921f44","name":"Fabien Louagie","image":{"@type":"ImageObject","inLanguage":"fr-BE","@id":"https:\/\/www.pmsafed.be\/#\/schema\/person\/image\/","url":"https:\/\/secure.gravatar.com\/avatar\/53f0d860f19b72b4400975950858112d?s=96&d=mm&r=g","contentUrl":"https:\/\/secure.gravatar.com\/avatar\/53f0d860f19b72b4400975950858112d?s=96&d=mm&r=g","caption":"Fabien Louagie"},"url":"https:\/\/www.pmsafed.be\/fr\/author\/lwf\/"}]}},"_links":{"self":[{"href":"https:\/\/www.pmsafed.be\/fr\/wp-json\/wp\/v2\/posts\/1412"}],"collection":[{"href":"https:\/\/www.pmsafed.be\/fr\/wp-json\/wp\/v2\/posts"}],"about":[{"href":"https:\/\/www.pmsafed.be\/fr\/wp-json\/wp\/v2\/types\/post"}],"author":[{"embeddable":true,"href":"https:\/\/www.pmsafed.be\/fr\/wp-json\/wp\/v2\/users\/7"}],"replies":[{"embeddable":true,"href":"https:\/\/www.pmsafed.be\/fr\/wp-json\/wp\/v2\/comments?post=1412"}],"version-history":[{"count":5,"href":"https:\/\/www.pmsafed.be\/fr\/wp-json\/wp\/v2\/posts\/1412\/revisions"}],"predecessor-version":[{"id":1421,"href":"https:\/\/www.pmsafed.be\/fr\/wp-json\/wp\/v2\/posts\/1412\/revisions\/1421"}],"wp:featuredmedia":[{"embeddable":true,"href":"https:\/\/www.pmsafed.be\/fr\/wp-json\/wp\/v2\/media\/959"}],"wp:attachment":[{"href":"https:\/\/www.pmsafed.be\/fr\/wp-json\/wp\/v2\/media?parent=1412"}],"wp:term":[{"taxonomy":"category","embeddable":true,"href":"https:\/\/www.pmsafed.be\/fr\/wp-json\/wp\/v2\/categories?post=1412"},{"taxonomy":"post_tag","embeddable":true,"href":"https:\/\/www.pmsafed.be\/fr\/wp-json\/wp\/v2\/tags?post=1412"}],"curies":[{"name":"wp","href":"https:\/\/api.w.org\/{rel}","templated":true}]}}