{"id":1531,"date":"2019-06-13T21:26:16","date_gmt":"2019-06-13T21:26:16","guid":{"rendered":"https:\/\/www.pmsafed.be\/?p=1531"},"modified":"2019-06-13T21:32:50","modified_gmt":"2019-06-13T21:32:50","slug":"fed-fly-in-in-flanders-fields","status":"publish","type":"post","link":"https:\/\/www.pmsafed.be\/fr\/fed-fly-in-in-flanders-fields\/","title":{"rendered":"La Fed s\u2019envole \u00ab\u00a0Au champ d\u2019honneur\u00a0\u00bb"},"content":{"rendered":"<div data-elementor-type=\"wp-post\" data-elementor-id=\"1531\" class=\"elementor elementor-1531\">\n\t\t\t\t\t\t<section class=\"elementor-section elementor-top-section elementor-element elementor-element-63a686f elementor-section-boxed elementor-section-height-default elementor-section-height-default\" data-id=\"63a686f\" data-element_type=\"section\">\n\t\t\t\t\t\t<div class=\"elementor-container elementor-column-gap-default\">\n\t\t\t\t\t<div class=\"elementor-column elementor-col-100 elementor-top-column elementor-element elementor-element-20a2032\" data-id=\"20a2032\" data-element_type=\"column\">\n\t\t\t<div class=\"elementor-widget-wrap elementor-element-populated\">\n\t\t\t\t\t\t<div class=\"elementor-element elementor-element-99229de elementor-widget elementor-widget-image\" data-id=\"99229de\" data-element_type=\"widget\" data-widget_type=\"image.default\">\n\t\t\t\t<div class=\"elementor-widget-container\">\n\t\t\t\t\t\t\t\t\t\t\t\t\t\t\t<img fetchpriority=\"high\" decoding=\"async\" width=\"1024\" height=\"727\" src=\"https:\/\/www.pmsafed.be\/wp-content\/uploads\/2019\/06\/62365627_434142477427967_5702950454296576000_n-1024x727.jpg\" class=\"attachment-large size-large wp-image-1530\" alt=\"\" srcset=\"https:\/\/www.pmsafed.be\/wp-content\/uploads\/2019\/06\/62365627_434142477427967_5702950454296576000_n-1024x727.jpg 1024w, https:\/\/www.pmsafed.be\/wp-content\/uploads\/2019\/06\/62365627_434142477427967_5702950454296576000_n-300x213.jpg 300w, https:\/\/www.pmsafed.be\/wp-content\/uploads\/2019\/06\/62365627_434142477427967_5702950454296576000_n-768x546.jpg 768w, https:\/\/www.pmsafed.be\/wp-content\/uploads\/2019\/06\/62365627_434142477427967_5702950454296576000_n-600x426.jpg 600w, https:\/\/www.pmsafed.be\/wp-content\/uploads\/2019\/06\/62365627_434142477427967_5702950454296576000_n.jpg 1243w\" sizes=\"(max-width: 1024px) 100vw, 1024px\" \/>\t\t\t\t\t\t\t\t\t\t\t\t\t\t\t<\/div>\n\t\t\t\t<\/div>\n\t\t\t\t<div class=\"elementor-element elementor-element-994c79c elementor-widget elementor-widget-text-editor\" data-id=\"994c79c\" data-element_type=\"widget\" data-widget_type=\"text-editor.default\">\n\t\t\t\t<div class=\"elementor-widget-container\">\n\t\t\t\t\t\t\t\t\t<p><strong>Fed Fly du 23 au 25 ao\u00fbt.<\/strong><br \/>L&#039;\u00e9v\u00e9nement international de vol \u00e0 Ypres et Staden se d\u00e9roule sur le terrain des FLANDERS FIELDS, o\u00f9 des centaines de milliers de soldats se sont battus pour la libert\u00e9 pendant la guerre.<br \/>Un pr\u00e9 de f\u00eate avec des tentes, un festival de musique, des vols vers la mer du Nord, un taureau de rod\u00e9o turbulent et de nombreux pilotes europ\u00e9ens.<br \/>Soyez l\u00e0 !<\/p><p><strong>Pratique<br \/><\/strong>Tout pilote \u00e9tranger doit pr\u00e9senter sa licence, son \u00e9cran d&#039;immatriculation et son assurance lors de l&#039;embarquement \u00e0 l&#039;a\u00e9rodrome pour \u00eatre admis \u00e0 l&#039;a\u00e9rodrome.<strong><br \/><\/strong><\/p><p><strong>Inscriptions<\/strong><br \/>Pilote, nuit\u00e9e en tente, camping-car, etc. incluant d\u00eener chaud le samedi soir ;\u00a0<strong>30 euros<\/strong><br \/>d\u00eener chaud suppl\u00e9mentaire 10 euros le samedi soir ;\u00a0\u00a0<strong>10 euros.<\/strong><br \/>\u00c9lectricit\u00e9 et sanitaires fournis au camping.<\/p><p><strong>Fed Fly Du 23 au 25 ao\u00fbt.<\/strong><br \/>Des \u00e9v\u00e9nements internationaux \u00e0 Ypres et dans les villes se d\u00e9roulent sur le terrain des FLANDERS FIELDS, y compris les centaines de milliers de soldats qui s&#039;engagent dans le combat pour la libert\u00e9 de la guerre.<br \/>Une prairie avec la f\u00eate avec des tentes, un festival de musique, des ch\u00e2teaux gonflables, la pleine fra\u00eecheur du Nord, un rod\u00e9o taureau turbulent ! et les nombreux pilotes Venus d&#039;Europe.<br \/>Soyez-y !<\/p><p><strong>Pratique<\/strong><br \/>Chaque pilote \u00e9tranger doit pr\u00e9senter sa licence, son \u00e9cran d&#039;enregistrement et son assurance, \u00e0 l&#039;embarquement sur la prairie, pour \u00eatre admis dans la prairie volante.<\/p><p><strong>Les inscriptions<br \/><\/strong>Pilote, nuit avec tente, camping car, etc ; y compris le d\u00eener chaud du samedi soir ;\u00a0<strong>30 euros<\/strong><br \/>D\u00eener chaud suppl\u00e9mentaire le samedi soir ;\u00a0<strong>10 euros.<\/strong><\/p><div><p>\u00c9lectricit\u00e9 et toilettes sur le camping.<\/p><\/div>\t\t\t\t\t\t\t\t<\/div>\n\t\t\t\t<\/div>\n\t\t\t\t\t<\/div>\n\t\t<\/div>\n\t\t\t\t\t<\/div>\n\t\t<\/section>\n\t\t\t\t<section class=\"elementor-section elementor-top-section elementor-element elementor-element-f344393 elementor-section-boxed elementor-section-height-default elementor-section-height-default\" data-id=\"f344393\" data-element_type=\"section\">\n\t\t\t\t\t\t<div class=\"elementor-container elementor-column-gap-default\">\n\t\t\t\t\t<div class=\"elementor-column elementor-col-100 elementor-top-column elementor-element elementor-element-95badad\" data-id=\"95badad\" data-element_type=\"column\">\n\t\t\t<div class=\"elementor-widget-wrap elementor-element-populated\">\n\t\t\t\t\t\t<div class=\"elementor-element elementor-element-920f58c elementor-align-center elementor-widget elementor-widget-button\" data-id=\"920f58c\" data-element_type=\"widget\" data-widget_type=\"button.default\">\n\t\t\t\t<div class=\"elementor-widget-container\">\n\t\t\t\t\t\t\t\t\t<div class=\"elementor-button-wrapper\">\n\t\t\t\t\t<a class=\"elementor-button elementor-button-link elementor-size-sm\" href=\"https:\/\/www.pmsafed.be\/fr\/product\/fed-fly-in-in-flanders-fields\/\">\n\t\t\t\t\t\t<span class=\"elementor-button-content-wrapper\">\n\t\t\t\t\t\t<span class=\"elementor-button-icon\">\n\t\t\t\t\t\t\t\t\t<i class=\"fa fa-paper-plane-o\" aria-hidden=\"true\"><\/i>\n\t\t\t\t\t\t\t<\/span>\n\t\t\t\t\t\t\t\t\t<span class=\"elementor-button-text\">Inscriptions - Inscriptions<\/span>\n\t\t\t\t\t<\/span>\n\t\t\t\t\t<\/a>\n\t\t\t\t<\/div>\n\t\t\t\t\t\t\t\t<\/div>\n\t\t\t\t<\/div>\n\t\t\t\t\t<\/div>\n\t\t<\/div>\n\t\t\t\t\t<\/div>\n\t\t<\/section>\n\t\t\t\t<\/div>","protected":false},"excerpt":{"rendered":"<p>Fed Fly In\u00a0 23-25 augustus. Het internationale vliegevenement in Ieper en Staden vind plaats op de gronden van de FLANDERS FIELDS, waar honderduizenden soldaten streden voor de vrijheid tijdens de oorlog. Een feestweide met tenten, muziekfestival, vluchten naar de Noordzee, een turbulente rodeostier, en veel piloten uit Europa. Wees er bij ! Praktisch Elke buitenlandse [&hellip;]<\/p>","protected":false},"author":7,"featured_media":0,"comment_status":"open","ping_status":"closed","sticky":false,"template":"","format":"standard","meta":{"_acf_changed":false,"_exactmetrics_skip_tracking":false,"_exactmetrics_sitenote_active":false,"_exactmetrics_sitenote_note":"","_exactmetrics_sitenote_category":0,"ocean_post_layout":"full-screen","ocean_both_sidebars_style":"","ocean_both_sidebars_content_width":0,"ocean_both_sidebars_sidebars_width":0,"ocean_sidebar":"0","ocean_second_sidebar":"0","ocean_disable_margins":"on","ocean_add_body_class":"","ocean_shortcode_before_top_bar":"","ocean_shortcode_after_top_bar":"","ocean_shortcode_before_header":"","ocean_shortcode_after_header":"","ocean_has_shortcode":"","ocean_shortcode_after_title":"","ocean_shortcode_before_footer_widgets":"","ocean_shortcode_after_footer_widgets":"","ocean_shortcode_before_footer_bottom":"","ocean_shortcode_after_footer_bottom":"","ocean_display_top_bar":"off","ocean_display_header":"on","ocean_header_style":"","ocean_center_header_left_menu":"0","ocean_custom_header_template":"0","ocean_custom_logo":0,"ocean_custom_retina_logo":0,"ocean_custom_logo_max_width":0,"ocean_custom_logo_tablet_max_width":0,"ocean_custom_logo_mobile_max_width":0,"ocean_custom_logo_max_height":0,"ocean_custom_logo_tablet_max_height":0,"ocean_custom_logo_mobile_max_height":0,"ocean_header_custom_menu":"0","ocean_menu_typo_font_family":"0","ocean_menu_typo_font_subset":"","ocean_menu_typo_font_size":0,"ocean_menu_typo_font_size_tablet":0,"ocean_menu_typo_font_size_mobile":0,"ocean_menu_typo_font_size_unit":"px","ocean_menu_typo_font_weight":"","ocean_menu_typo_font_weight_tablet":"","ocean_menu_typo_font_weight_mobile":"","ocean_menu_typo_transform":"","ocean_menu_typo_transform_tablet":"","ocean_menu_typo_transform_mobile":"","ocean_menu_typo_line_height":0,"ocean_menu_typo_line_height_tablet":0,"ocean_menu_typo_line_height_mobile":0,"ocean_menu_typo_line_height_unit":"","ocean_menu_typo_spacing":0,"ocean_menu_typo_spacing_tablet":0,"ocean_menu_typo_spacing_mobile":0,"ocean_menu_typo_spacing_unit":"","ocean_menu_link_color":"","ocean_menu_link_color_hover":"","ocean_menu_link_color_active":"","ocean_menu_link_background":"","ocean_menu_link_hover_background":"","ocean_menu_link_active_background":"","ocean_menu_social_links_bg":"","ocean_menu_social_hover_links_bg":"","ocean_menu_social_links_color":"","ocean_menu_social_hover_links_color":"","ocean_disable_title":"on","ocean_disable_heading":"default","ocean_post_title":"","ocean_post_subheading":"","ocean_post_title_style":"","ocean_post_title_background_color":"","ocean_post_title_background":0,"ocean_post_title_bg_image_position":"","ocean_post_title_bg_image_attachment":"","ocean_post_title_bg_image_repeat":"","ocean_post_title_bg_image_size":"","ocean_post_title_height":0,"ocean_post_title_bg_overlay":0.5,"ocean_post_title_bg_overlay_color":"","ocean_disable_breadcrumbs":"off","ocean_breadcrumbs_color":"","ocean_breadcrumbs_separator_color":"","ocean_breadcrumbs_links_color":"","ocean_breadcrumbs_links_hover_color":"","ocean_display_footer_widgets":"off","ocean_display_footer_bottom":"on","ocean_custom_footer_template":"0","ocean_post_oembed":"","ocean_post_self_hosted_media":"","ocean_post_video_embed":"","ocean_link_format":"","ocean_link_format_target":"self","ocean_quote_format":"","ocean_quote_format_link":"post","ocean_gallery_link_images":"off","ocean_gallery_id":[],"footnotes":""},"categories":[108],"tags":[],"acf":[],"yoast_head":"<!-- This site is optimized with the Yoast SEO plugin v24.5 - https:\/\/yoast.com\/wordpress\/plugins\/seo\/ -->\n<title>Fed Fly In &quot;In Flanders Fields&quot; - PMSA<\/title>\n<meta name=\"description\" content=\"Paramotor Vlaanderen, Paramotor Belgie, Paramotor federatie, paramotor Limburg, paramotor Antwerpen, paramotor brabant\" \/>\n<meta name=\"robots\" content=\"index, follow, max-snippet:-1, max-image-preview:large, max-video-preview:-1\" \/>\n<link rel=\"canonical\" href=\"https:\/\/www.pmsafed.be\/fr\/fed-fly-in-in-flanders-fields\/\" \/>\n<meta property=\"og:locale\" content=\"fr_FR\" \/>\n<meta property=\"og:type\" content=\"article\" \/>\n<meta property=\"og:title\" content=\"Fed Fly In &quot;In Flanders Fields&quot; - PMSA\" \/>\n<meta property=\"og:description\" content=\"Paramotor Vlaanderen, Paramotor Belgie, Paramotor federatie, paramotor Limburg, paramotor Antwerpen, paramotor brabant\" \/>\n<meta property=\"og:url\" content=\"https:\/\/www.pmsafed.be\/fr\/fed-fly-in-in-flanders-fields\/\" \/>\n<meta property=\"og:site_name\" content=\"PMSA\" \/>\n<meta property=\"article:publisher\" content=\"https:\/\/www.facebook.com\/PMSA-ParaMotor-Sports-Federation-103045967991482\/\" \/>\n<meta property=\"article:published_time\" content=\"2019-06-13T21:26:16+00:00\" \/>\n<meta property=\"article:modified_time\" content=\"2019-06-13T21:32:50+00:00\" \/>\n<meta property=\"og:image\" content=\"https:\/\/www.pmsafed.be\/wp-content\/uploads\/2019\/06\/62365627_434142477427967_5702950454296576000_n-1024x727.jpg\" \/>\n<meta name=\"author\" content=\"Fabien Louagie\" \/>\n<meta name=\"twitter:card\" content=\"summary_large_image\" \/>\n<meta name=\"twitter:label1\" content=\"\u00c9crit par\" \/>\n\t<meta name=\"twitter:data1\" content=\"Fabien Louagie\" \/>\n\t<meta name=\"twitter:label2\" content=\"Dur\u00e9e de lecture est.\" \/>\n\t<meta name=\"twitter:data2\" content=\"1 minute\" \/>\n<script type=\"application\/ld+json\" class=\"yoast-schema-graph\">{\"@context\":\"https:\/\/schema.org\",\"@graph\":[{\"@type\":\"Article\",\"@id\":\"https:\/\/www.pmsafed.be\/fed-fly-in-in-flanders-fields\/#article\",\"isPartOf\":{\"@id\":\"https:\/\/www.pmsafed.be\/fed-fly-in-in-flanders-fields\/\"},\"author\":{\"name\":\"Fabien Louagie\",\"@id\":\"https:\/\/www.pmsafed.be\/#\/schema\/person\/fcfd677b2ae2fa016d08537885921f44\"},\"headline\":\"Fed Fly In &#8220;In Flanders Fields&#8221;\",\"datePublished\":\"2019-06-13T21:26:16+00:00\",\"dateModified\":\"2019-06-13T21:32:50+00:00\",\"mainEntityOfPage\":{\"@id\":\"https:\/\/www.pmsafed.be\/fed-fly-in-in-flanders-fields\/\"},\"wordCount\":246,\"commentCount\":0,\"publisher\":{\"@id\":\"https:\/\/www.pmsafed.be\/#organization\"},\"image\":{\"@id\":\"https:\/\/www.pmsafed.be\/fed-fly-in-in-flanders-fields\/#primaryimage\"},\"thumbnailUrl\":\"https:\/\/www.pmsafed.be\/wp-content\/uploads\/2019\/06\/62365627_434142477427967_5702950454296576000_n-1024x727.jpg\",\"articleSection\":[\"Nieuws\"],\"inLanguage\":\"fr-BE\",\"potentialAction\":[{\"@type\":\"CommentAction\",\"name\":\"Comment\",\"target\":[\"https:\/\/www.pmsafed.be\/fed-fly-in-in-flanders-fields\/#respond\"]}]},{\"@type\":\"WebPage\",\"@id\":\"https:\/\/www.pmsafed.be\/fed-fly-in-in-flanders-fields\/\",\"url\":\"https:\/\/www.pmsafed.be\/fed-fly-in-in-flanders-fields\/\",\"name\":\"Fed Fly In \\\"In Flanders Fields\\\" - PMSA\",\"isPartOf\":{\"@id\":\"https:\/\/www.pmsafed.be\/#website\"},\"primaryImageOfPage\":{\"@id\":\"https:\/\/www.pmsafed.be\/fed-fly-in-in-flanders-fields\/#primaryimage\"},\"image\":{\"@id\":\"https:\/\/www.pmsafed.be\/fed-fly-in-in-flanders-fields\/#primaryimage\"},\"thumbnailUrl\":\"https:\/\/www.pmsafed.be\/wp-content\/uploads\/2019\/06\/62365627_434142477427967_5702950454296576000_n-1024x727.jpg\",\"datePublished\":\"2019-06-13T21:26:16+00:00\",\"dateModified\":\"2019-06-13T21:32:50+00:00\",\"description\":\"Paramotor Vlaanderen, Paramotor Belgie, Paramotor federatie, paramotor Limburg, paramotor Antwerpen, paramotor brabant\",\"breadcrumb\":{\"@id\":\"https:\/\/www.pmsafed.be\/fed-fly-in-in-flanders-fields\/#breadcrumb\"},\"inLanguage\":\"fr-BE\",\"potentialAction\":[{\"@type\":\"ReadAction\",\"target\":[\"https:\/\/www.pmsafed.be\/fed-fly-in-in-flanders-fields\/\"]}]},{\"@type\":\"ImageObject\",\"inLanguage\":\"fr-BE\",\"@id\":\"https:\/\/www.pmsafed.be\/fed-fly-in-in-flanders-fields\/#primaryimage\",\"url\":\"https:\/\/www.pmsafed.be\/wp-content\/uploads\/2019\/06\/62365627_434142477427967_5702950454296576000_n-1024x727.jpg\",\"contentUrl\":\"https:\/\/www.pmsafed.be\/wp-content\/uploads\/2019\/06\/62365627_434142477427967_5702950454296576000_n-1024x727.jpg\"},{\"@type\":\"BreadcrumbList\",\"@id\":\"https:\/\/www.pmsafed.be\/fed-fly-in-in-flanders-fields\/#breadcrumb\",\"itemListElement\":[{\"@type\":\"ListItem\",\"position\":1,\"name\":\"Home\",\"item\":\"https:\/\/www.pmsafed.be\/\"},{\"@type\":\"ListItem\",\"position\":2,\"name\":\"Fed Fly In &#8220;In Flanders Fields&#8221;\"}]},{\"@type\":\"WebSite\",\"@id\":\"https:\/\/www.pmsafed.be\/#website\",\"url\":\"https:\/\/www.pmsafed.be\/\",\"name\":\"PMSA\",\"description\":\"Paramotor\",\"publisher\":{\"@id\":\"https:\/\/www.pmsafed.be\/#organization\"},\"potentialAction\":[{\"@type\":\"SearchAction\",\"target\":{\"@type\":\"EntryPoint\",\"urlTemplate\":\"https:\/\/www.pmsafed.be\/?s={search_term_string}\"},\"query-input\":{\"@type\":\"PropertyValueSpecification\",\"valueRequired\":true,\"valueName\":\"search_term_string\"}}],\"inLanguage\":\"fr-BE\"},{\"@type\":\"Organization\",\"@id\":\"https:\/\/www.pmsafed.be\/#organization\",\"name\":\"Paramotor Sports Federation VZW\",\"url\":\"https:\/\/www.pmsafed.be\/\",\"logo\":{\"@type\":\"ImageObject\",\"inLanguage\":\"fr-BE\",\"@id\":\"https:\/\/www.pmsafed.be\/#\/schema\/logo\/image\/\",\"url\":\"https:\/\/www.pmsafed.be\/wp-content\/uploads\/2020\/09\/PMSA-kleur.png\",\"contentUrl\":\"https:\/\/www.pmsafed.be\/wp-content\/uploads\/2020\/09\/PMSA-kleur.png\",\"width\":1515,\"height\":948,\"caption\":\"Paramotor Sports Federation VZW\"},\"image\":{\"@id\":\"https:\/\/www.pmsafed.be\/#\/schema\/logo\/image\/\"},\"sameAs\":[\"https:\/\/www.facebook.com\/PMSA-ParaMotor-Sports-Federation-103045967991482\/\"]},{\"@type\":\"Person\",\"@id\":\"https:\/\/www.pmsafed.be\/#\/schema\/person\/fcfd677b2ae2fa016d08537885921f44\",\"name\":\"Fabien Louagie\",\"image\":{\"@type\":\"ImageObject\",\"inLanguage\":\"fr-BE\",\"@id\":\"https:\/\/www.pmsafed.be\/#\/schema\/person\/image\/\",\"url\":\"https:\/\/secure.gravatar.com\/avatar\/53f0d860f19b72b4400975950858112d?s=96&d=mm&r=g\",\"contentUrl\":\"https:\/\/secure.gravatar.com\/avatar\/53f0d860f19b72b4400975950858112d?s=96&d=mm&r=g\",\"caption\":\"Fabien Louagie\"},\"url\":\"https:\/\/www.pmsafed.be\/fr\/author\/lwf\/\"}]}<\/script>\n<!-- \/ Yoast SEO plugin. -->","yoast_head_json":{"title":"Fed Fly In \"In Flanders Fields\" - PMSA","description":"Paramotor Vlaanderen, Paramotor Belgie, Paramotor federatie, paramotor Limburg, paramotor Antwerpen, paramotor brabant","robots":{"index":"index","follow":"follow","max-snippet":"max-snippet:-1","max-image-preview":"max-image-preview:large","max-video-preview":"max-video-preview:-1"},"canonical":"https:\/\/www.pmsafed.be\/fr\/fed-fly-in-in-flanders-fields\/","og_locale":"fr_FR","og_type":"article","og_title":"Fed Fly In \"In Flanders Fields\" - PMSA","og_description":"Paramotor Vlaanderen, Paramotor Belgie, Paramotor federatie, paramotor Limburg, paramotor Antwerpen, paramotor brabant","og_url":"https:\/\/www.pmsafed.be\/fr\/fed-fly-in-in-flanders-fields\/","og_site_name":"PMSA","article_publisher":"https:\/\/www.facebook.com\/PMSA-ParaMotor-Sports-Federation-103045967991482\/","article_published_time":"2019-06-13T21:26:16+00:00","article_modified_time":"2019-06-13T21:32:50+00:00","og_image":[{"url":"https:\/\/www.pmsafed.be\/wp-content\/uploads\/2019\/06\/62365627_434142477427967_5702950454296576000_n-1024x727.jpg","type":"","width":"","height":""}],"author":"Fabien Louagie","twitter_card":"summary_large_image","twitter_misc":{"\u00c9crit par":"Fabien Louagie","Dur\u00e9e de lecture est.":"1 minute"},"schema":{"@context":"https:\/\/schema.org","@graph":[{"@type":"Article","@id":"https:\/\/www.pmsafed.be\/fed-fly-in-in-flanders-fields\/#article","isPartOf":{"@id":"https:\/\/www.pmsafed.be\/fed-fly-in-in-flanders-fields\/"},"author":{"name":"Fabien Louagie","@id":"https:\/\/www.pmsafed.be\/#\/schema\/person\/fcfd677b2ae2fa016d08537885921f44"},"headline":"Fed Fly In &#8220;In Flanders Fields&#8221;","datePublished":"2019-06-13T21:26:16+00:00","dateModified":"2019-06-13T21:32:50+00:00","mainEntityOfPage":{"@id":"https:\/\/www.pmsafed.be\/fed-fly-in-in-flanders-fields\/"},"wordCount":246,"commentCount":0,"publisher":{"@id":"https:\/\/www.pmsafed.be\/#organization"},"image":{"@id":"https:\/\/www.pmsafed.be\/fed-fly-in-in-flanders-fields\/#primaryimage"},"thumbnailUrl":"https:\/\/www.pmsafed.be\/wp-content\/uploads\/2019\/06\/62365627_434142477427967_5702950454296576000_n-1024x727.jpg","articleSection":["Nieuws"],"inLanguage":"fr-BE","potentialAction":[{"@type":"CommentAction","name":"Comment","target":["https:\/\/www.pmsafed.be\/fed-fly-in-in-flanders-fields\/#respond"]}]},{"@type":"WebPage","@id":"https:\/\/www.pmsafed.be\/fed-fly-in-in-flanders-fields\/","url":"https:\/\/www.pmsafed.be\/fed-fly-in-in-flanders-fields\/","name":"Fed Fly In \"In Flanders Fields\" - PMSA","isPartOf":{"@id":"https:\/\/www.pmsafed.be\/#website"},"primaryImageOfPage":{"@id":"https:\/\/www.pmsafed.be\/fed-fly-in-in-flanders-fields\/#primaryimage"},"image":{"@id":"https:\/\/www.pmsafed.be\/fed-fly-in-in-flanders-fields\/#primaryimage"},"thumbnailUrl":"https:\/\/www.pmsafed.be\/wp-content\/uploads\/2019\/06\/62365627_434142477427967_5702950454296576000_n-1024x727.jpg","datePublished":"2019-06-13T21:26:16+00:00","dateModified":"2019-06-13T21:32:50+00:00","description":"Paramotor Vlaanderen, Paramotor Belgie, Paramotor federatie, paramotor Limburg, paramotor Antwerpen, paramotor brabant","breadcrumb":{"@id":"https:\/\/www.pmsafed.be\/fed-fly-in-in-flanders-fields\/#breadcrumb"},"inLanguage":"fr-BE","potentialAction":[{"@type":"ReadAction","target":["https:\/\/www.pmsafed.be\/fed-fly-in-in-flanders-fields\/"]}]},{"@type":"ImageObject","inLanguage":"fr-BE","@id":"https:\/\/www.pmsafed.be\/fed-fly-in-in-flanders-fields\/#primaryimage","url":"https:\/\/www.pmsafed.be\/wp-content\/uploads\/2019\/06\/62365627_434142477427967_5702950454296576000_n-1024x727.jpg","contentUrl":"https:\/\/www.pmsafed.be\/wp-content\/uploads\/2019\/06\/62365627_434142477427967_5702950454296576000_n-1024x727.jpg"},{"@type":"BreadcrumbList","@id":"https:\/\/www.pmsafed.be\/fed-fly-in-in-flanders-fields\/#breadcrumb","itemListElement":[{"@type":"ListItem","position":1,"name":"Home","item":"https:\/\/www.pmsafed.be\/"},{"@type":"ListItem","position":2,"name":"Fed Fly In &#8220;In Flanders Fields&#8221;"}]},{"@type":"WebSite","@id":"https:\/\/www.pmsafed.be\/#website","url":"https:\/\/www.pmsafed.be\/","name":"PMSA","description":"Paramotor","publisher":{"@id":"https:\/\/www.pmsafed.be\/#organization"},"potentialAction":[{"@type":"SearchAction","target":{"@type":"EntryPoint","urlTemplate":"https:\/\/www.pmsafed.be\/?s={search_term_string}"},"query-input":{"@type":"PropertyValueSpecification","valueRequired":true,"valueName":"search_term_string"}}],"inLanguage":"fr-BE"},{"@type":"Organization","@id":"https:\/\/www.pmsafed.be\/#organization","name":"Paramotor Sports Federation VZW","url":"https:\/\/www.pmsafed.be\/","logo":{"@type":"ImageObject","inLanguage":"fr-BE","@id":"https:\/\/www.pmsafed.be\/#\/schema\/logo\/image\/","url":"https:\/\/www.pmsafed.be\/wp-content\/uploads\/2020\/09\/PMSA-kleur.png","contentUrl":"https:\/\/www.pmsafed.be\/wp-content\/uploads\/2020\/09\/PMSA-kleur.png","width":1515,"height":948,"caption":"Paramotor Sports Federation VZW"},"image":{"@id":"https:\/\/www.pmsafed.be\/#\/schema\/logo\/image\/"},"sameAs":["https:\/\/www.facebook.com\/PMSA-ParaMotor-Sports-Federation-103045967991482\/"]},{"@type":"Person","@id":"https:\/\/www.pmsafed.be\/#\/schema\/person\/fcfd677b2ae2fa016d08537885921f44","name":"Fabien Louagie","image":{"@type":"ImageObject","inLanguage":"fr-BE","@id":"https:\/\/www.pmsafed.be\/#\/schema\/person\/image\/","url":"https:\/\/secure.gravatar.com\/avatar\/53f0d860f19b72b4400975950858112d?s=96&d=mm&r=g","contentUrl":"https:\/\/secure.gravatar.com\/avatar\/53f0d860f19b72b4400975950858112d?s=96&d=mm&r=g","caption":"Fabien Louagie"},"url":"https:\/\/www.pmsafed.be\/fr\/author\/lwf\/"}]}},"_links":{"self":[{"href":"https:\/\/www.pmsafed.be\/fr\/wp-json\/wp\/v2\/posts\/1531"}],"collection":[{"href":"https:\/\/www.pmsafed.be\/fr\/wp-json\/wp\/v2\/posts"}],"about":[{"href":"https:\/\/www.pmsafed.be\/fr\/wp-json\/wp\/v2\/types\/post"}],"author":[{"embeddable":true,"href":"https:\/\/www.pmsafed.be\/fr\/wp-json\/wp\/v2\/users\/7"}],"replies":[{"embeddable":true,"href":"https:\/\/www.pmsafed.be\/fr\/wp-json\/wp\/v2\/comments?post=1531"}],"version-history":[{"count":3,"href":"https:\/\/www.pmsafed.be\/fr\/wp-json\/wp\/v2\/posts\/1531\/revisions"}],"predecessor-version":[{"id":1535,"href":"https:\/\/www.pmsafed.be\/fr\/wp-json\/wp\/v2\/posts\/1531\/revisions\/1535"}],"wp:attachment":[{"href":"https:\/\/www.pmsafed.be\/fr\/wp-json\/wp\/v2\/media?parent=1531"}],"wp:term":[{"taxonomy":"category","embeddable":true,"href":"https:\/\/www.pmsafed.be\/fr\/wp-json\/wp\/v2\/categories?post=1531"},{"taxonomy":"post_tag","embeddable":true,"href":"https:\/\/www.pmsafed.be\/fr\/wp-json\/wp\/v2\/tags?post=1531"}],"curies":[{"name":"wp","href":"https:\/\/api.w.org\/{rel}","templated":true}]}}